{"id":13675,"date":"2024-07-23T06:33:04","date_gmt":"2024-07-23T04:33:04","guid":{"rendered":"https:\/\/mid.de\/?p=13675"},"modified":"2026-01-28T13:40:00","modified_gmt":"2026-01-28T12:40:00","slug":"networking-conferences-a-fresh-boost-for-it","status":"publish","type":"post","link":"https:\/\/mid.de\/en\/blog\/workmid-en\/networking-conferences-a-fresh-boost-for-it\/","title":{"rendered":"Networking &#038; Conferences \u2013 A Fresh Boost for IT"},"content":{"rendered":"<div class=\"wpb-content-wrapper\"><p>[vc_row][vc_column][vc_column_text css=&#8221;&#8221;]What are those special moments in our fast-paced work life that really spark new ideas and make you want to try something different? For me, it&#8217;s all about diverse conferences and creative workshops. There&#8217;s no better place to find so many fresh ideas, expert knowledge and great conversations all in one spot. These events are packed with potential \u2013 and it&#8217;s totally worth soaking it all in and bringing that energy back to your own company. That&#8217;s exactly why we at MID love attending these events \u2013 both with our own stand and also as visitors. You&#8217;ve got to experience for yourself how inspiring these digitalization events can be.<\/p>\n<p><!--more--><\/p>\n<h2><strong>REConf \u2013 New Methods, Trends and Tools in Requirements Engineering<\/strong><\/h2>\n<p>Every year, MID has a stand and holds exciting talks at <a href=\"https:\/\/www.hood-group.com\/en\/reconf\" target=\"_blank\" rel=\"noopener\">REConf<\/a>. At the same time, many of our IT experts are there as attendees, soaking up the atmosphere. It&#8217;s a chance to listen to talks, join panel discussions and explore new methods in hands-on workshops. Topics like AI and agility are always front and center at REConf. Exactly the topics we&#8217;re passionate about as an agile consulting team. We always come across new approaches and methods, like the talk on <a href=\"https:\/\/www.hood-group.com\/fileadmin\/REConf\/2023\/documents\/Vortraege\/REConf2023_Anforderungsfabrik_Schneider_Prinz_Erkenne_Deine_Stakeholder.pdf\" target=\"_blank\" rel=\"noopener\">Belbin\u2019s team types<\/a>. At the REConf, we even got to figure out our own team types together with other attendees.[\/vc_column_text][vc_single_image image=&#8221;13068&#8243; img_size=&#8221;full&#8221; css=&#8221;.vc_custom_1762788117384{margin-bottom: 0px !important;}&#8221;][vc_column_text css=&#8221;&#8221;]<span style=\"font-size: 16px;\">MID GmbH at REConf 2023 presenting innovative approaches in Requirements Engineering<\/span>[\/vc_column_text][\/vc_column][\/vc_row][vc_row][vc_column][vc_column_text css=&#8221;&#8221;]Besides the expert talks, the keynotes and networking made a refreshing change from the usual workday. In a panel about agility and new work, I shared my view that agile principles and new work can really help build mutual understanding \u2013 and create a better work environment. There were tons of ideas for new training possibilities and discussions we could bring back to the office. We also shared our own project experience in a talk called <a href=\"https:\/\/www.hood-group.com\/fileadmin\/REConf\/2023\/documents\/Vortraege\/REConf2023_MID_Ganbold_Trotz_vieler_Koeche_die_Kommunikation_meistern.pdf\" target=\"_blank\" rel=\"noopener\">&#8220;Don&#8217;t Let too Many Cooks Spoil Communication&#8221;<\/a>. What really sticks with me is the personal exchange \u2013 getting to know colleagues as people and hearing what drives them.[\/vc_column_text][vc_single_image image=&#8221;13074&#8243; img_size=&#8221;full&#8221; css=&#8221;.vc_custom_1762788237033{margin-bottom: 0px !important;}&#8221;][vc_column_text css=&#8221;&#8221;]<span style=\"font-size: 16px;\">MID GmbH at the REConf 2023 with interesting chats and networking<\/span>[\/vc_column_text][\/vc_column][\/vc_row][vc_row][vc_column][vc_column_text css=&#8221;&#8221;]<\/p>\n<h2><strong>N\u00fcrnberg Digital Festival <\/strong><\/h2>\n<p>The N\u00fcrnberg Digital Festival is always a great event. I&#8217;ve been a few times now and every year I&#8217;m blown away by the variety and quality of the topics. The hybrid format made it easy to join remotely from the office when needed. But of course, there are loads of in-person events too \u2013 which is super convenient for us at MID since it&#8217;s right here in Nuremberg.<\/p>\n<p>Topics like new work and agility were the buzzwords once again. I even joined a fishbowl-style discussion with people from all different areas, from IT to manufacturing, on &#8220;Agile Transformation in Germany \u2013 are we Falling Behind?&#8221;. We brainstormed ideas to counter that trend \u2013 and interestingly, most of them came from the new work concept, like feedback circles including those from management level. These help build trust and give more responsibility to employees.[\/vc_column_text][vc_single_image image=&#8221;13078&#8243; img_size=&#8221;full&#8221; css=&#8221;.vc_custom_1762788244986{margin-bottom: 0px !important;}&#8221;][vc_column_text css=&#8221;&#8221;]<span style=\"font-size: 16px;\">N\u00fcrnberg Digital Festival brings together exciting topics, discussions and networking<\/span>[\/vc_column_text][\/vc_column][\/vc_row][vc_row][vc_column][vc_column_text css=&#8221;&#8221;]We also contributed to the N\u00fcrnberg\u00a0Digital Festival with our own talks on processes, project communication and agile project planning. We presented remotely, with sessions like: &#8220;Dive into the World of Processes with the Panda Family&#8221;, &#8220;Don&#8217;t Let too Many Cooks Spoil Communication in IT Projects&#8221; and &#8220;Agile Project Planning Made Easy \u2013 Practical Methodology&#8221;. Even though the talks were virtual, attendees could still ask questions and join the discussions afterwards.<\/p>\n<p>The cherry on top? The Sustainable Conference at the end of the N\u00fcrnberg\u00a0Digital Festival. I tried out a co-working space and really enjoyed chatting with people from other industries \u2013 a nice change from the usual home office routine. It was super interesting to see how non-IT sectors approach agility and what we can learn from other areas like social work.<\/p>\n<p>I always come back from these events full of ideas and excited to bring new impulses into our company and client projects. Whether it&#8217;s REConf or the N\u00fcrnberg Digital Festival \u2013 it&#8217;s not just about the inspiration, it&#8217;s also a lot of fun to be part of these events and meeting so many interesting people. Then it&#8217;s time to roll up your sleeves and put those ideas into action in our dynamic everyday work at MID.<\/p>\n<p>Want to find out more about our unique company culture and what it&#8217;s like to work at MID? Then check out our <a href=\"https:\/\/mid.de\/en\/careers\/work-at-mid\/\" target=\"_blank\" rel=\"noopener\">Work@MID page<\/a> and find out what it means to be part of MID. We&#8217;re always on the lookout for new talent \u2013 maybe there&#8217;s a <a href=\"https:\/\/mid.de\/en\/careers\/jobs\/\" target=\"_blank\" rel=\"noopener\">job opening<\/a> that&#8217;s just right for you![\/vc_column_text][\/vc_column][\/vc_row]<\/p>\n<\/div>","protected":false},"excerpt":{"rendered":"<p>[vc_row][vc_column][vc_column_text css=&#8221;&#8221;]What are those special moments in our fast-paced work life that really spark new ideas and make you want to try something different? For me, it&#8217;s all about diverse conferences and creative workshops. There&#8217;s no better place to find so many fresh ideas, expert knowledge and great conversations all in one spot. These events&hellip;<\/p>\n","protected":false},"author":19,"featured_media":12805,"comment_status":"closed","ping_status":"closed","sticky":false,"template":"","format":"standard","meta":{"_acf_changed":false,"footnotes":""},"categories":[322],"tags":[],"class_list":["post-13675","post","type-post","status-publish","format-standard","has-post-thumbnail","hentry","category-workmid-en","category-322","description-off"],"acf":[],"yoast_head":"<!-- This site is optimized with the Yoast SEO plugin v27.4 - https:\/\/yoast.com\/product\/yoast-seo-wordpress\/ -->\n<title>MID GmbH | Networking &amp; Conferences: A Fresh Boost for IT<\/title>\n<meta name=\"description\" content=\"Want inspiration, contacts and current IT know-how? Conferences are the place. At MID, we&#039;re all about supporting networking and innovation. Find out more \u25ba\" \/>\n<meta name=\"robots\" content=\"index, follow, max-snippet:-1, max-image-preview:large, max-video-preview:-1\" \/>\n<link rel=\"canonical\" href=\"https:\/\/mid.de\/en\/blog\/workmid-en\/networking-conferences-a-fresh-boost-for-it\/\" \/>\n<meta property=\"og:locale\" content=\"en_US\" \/>\n<meta property=\"og:type\" content=\"article\" \/>\n<meta property=\"og:title\" content=\"MID GmbH | Networking &amp; Conferences: A Fresh Boost for IT\" \/>\n<meta property=\"og:description\" content=\"Want inspiration, contacts and current IT know-how? Conferences are the place. At MID, we&#039;re all about supporting networking and innovation. Find out more \u25ba\" \/>\n<meta property=\"og:url\" content=\"https:\/\/mid.de\/en\/blog\/workmid-en\/networking-conferences-a-fresh-boost-for-it\/\" \/>\n<meta property=\"og:site_name\" content=\"MID GmbH\" \/>\n<meta property=\"article:published_time\" content=\"2024-07-23T04:33:04+00:00\" \/>\n<meta property=\"article:modified_time\" content=\"2026-01-28T12:40:00+00:00\" \/>\n<meta property=\"og:image\" content=\"https:\/\/mid.de\/wp-content\/uploads\/2024\/07\/networking-konferenzen-bieten-neue-impulse-in-der-it-blog-mid-gmbh-2.webp\" \/>\n\t<meta property=\"og:image:width\" content=\"1920\" \/>\n\t<meta property=\"og:image:height\" content=\"1200\" \/>\n\t<meta property=\"og:image:type\" content=\"image\/webp\" \/>\n<meta name=\"author\" content=\"Klaus B\u00f6nisch\" \/>\n<meta name=\"twitter:card\" content=\"summary_large_image\" \/>\n<meta name=\"twitter:label1\" content=\"Written by\" \/>\n\t<meta name=\"twitter:data1\" content=\"Klaus B\u00f6nisch\" \/>\n\t<meta name=\"twitter:label2\" content=\"Est. reading time\" \/>\n\t<meta name=\"twitter:data2\" content=\"6 minutes\" \/>\n<script type=\"application\/ld+json\" class=\"yoast-schema-graph\">{\"@context\":\"https:\\\/\\\/schema.org\",\"@graph\":[{\"@type\":\"Article\",\"@id\":\"https:\\\/\\\/mid.de\\\/en\\\/blog\\\/workmid-en\\\/networking-conferences-a-fresh-boost-for-it\\\/#article\",\"isPartOf\":{\"@id\":\"https:\\\/\\\/mid.de\\\/en\\\/blog\\\/workmid-en\\\/networking-conferences-a-fresh-boost-for-it\\\/\"},\"author\":{\"name\":\"Klaus B\u00f6nisch\",\"@id\":\"https:\\\/\\\/mid.de\\\/en\\\/#\\\/schema\\\/person\\\/6be9033f2b43948728e989efdc221c24\"},\"headline\":\"Networking &#038; Conferences \u2013 A Fresh Boost for IT\",\"datePublished\":\"2024-07-23T04:33:04+00:00\",\"dateModified\":\"2026-01-28T12:40:00+00:00\",\"mainEntityOfPage\":{\"@id\":\"https:\\\/\\\/mid.de\\\/en\\\/blog\\\/workmid-en\\\/networking-conferences-a-fresh-boost-for-it\\\/\"},\"wordCount\":905,\"publisher\":{\"@id\":\"https:\\\/\\\/mid.de\\\/en\\\/#organization\"},\"image\":{\"@id\":\"https:\\\/\\\/mid.de\\\/en\\\/blog\\\/workmid-en\\\/networking-conferences-a-fresh-boost-for-it\\\/#primaryimage\"},\"thumbnailUrl\":\"https:\\\/\\\/mid.de\\\/wp-content\\\/uploads\\\/2024\\\/07\\\/networking-konferenzen-bieten-neue-impulse-in-der-it-blog-mid-gmbh-2.webp\",\"articleSection\":[\"Work@MID\"],\"inLanguage\":\"en-US\"},{\"@type\":\"WebPage\",\"@id\":\"https:\\\/\\\/mid.de\\\/en\\\/blog\\\/workmid-en\\\/networking-conferences-a-fresh-boost-for-it\\\/\",\"url\":\"https:\\\/\\\/mid.de\\\/en\\\/blog\\\/workmid-en\\\/networking-conferences-a-fresh-boost-for-it\\\/\",\"name\":\"MID GmbH | Networking & Conferences: A Fresh Boost for IT\",\"isPartOf\":{\"@id\":\"https:\\\/\\\/mid.de\\\/en\\\/#website\"},\"primaryImageOfPage\":{\"@id\":\"https:\\\/\\\/mid.de\\\/en\\\/blog\\\/workmid-en\\\/networking-conferences-a-fresh-boost-for-it\\\/#primaryimage\"},\"image\":{\"@id\":\"https:\\\/\\\/mid.de\\\/en\\\/blog\\\/workmid-en\\\/networking-conferences-a-fresh-boost-for-it\\\/#primaryimage\"},\"thumbnailUrl\":\"https:\\\/\\\/mid.de\\\/wp-content\\\/uploads\\\/2024\\\/07\\\/networking-konferenzen-bieten-neue-impulse-in-der-it-blog-mid-gmbh-2.webp\",\"datePublished\":\"2024-07-23T04:33:04+00:00\",\"dateModified\":\"2026-01-28T12:40:00+00:00\",\"description\":\"Want inspiration, contacts and current IT know-how? Conferences are the place. At MID, we're all about supporting networking and innovation. Find out more \u25ba\",\"breadcrumb\":{\"@id\":\"https:\\\/\\\/mid.de\\\/en\\\/blog\\\/workmid-en\\\/networking-conferences-a-fresh-boost-for-it\\\/#breadcrumb\"},\"inLanguage\":\"en-US\",\"potentialAction\":[{\"@type\":\"ReadAction\",\"target\":[\"https:\\\/\\\/mid.de\\\/en\\\/blog\\\/workmid-en\\\/networking-conferences-a-fresh-boost-for-it\\\/\"]}]},{\"@type\":\"ImageObject\",\"inLanguage\":\"en-US\",\"@id\":\"https:\\\/\\\/mid.de\\\/en\\\/blog\\\/workmid-en\\\/networking-conferences-a-fresh-boost-for-it\\\/#primaryimage\",\"url\":\"https:\\\/\\\/mid.de\\\/wp-content\\\/uploads\\\/2024\\\/07\\\/networking-konferenzen-bieten-neue-impulse-in-der-it-blog-mid-gmbh-2.webp\",\"contentUrl\":\"https:\\\/\\\/mid.de\\\/wp-content\\\/uploads\\\/2024\\\/07\\\/networking-konferenzen-bieten-neue-impulse-in-der-it-blog-mid-gmbh-2.webp\",\"width\":1920,\"height\":1200,\"caption\":\"MID Blog | Work@MID: Networking & Konferenzen bieten neue Impulse in der IT\"},{\"@type\":\"BreadcrumbList\",\"@id\":\"https:\\\/\\\/mid.de\\\/en\\\/blog\\\/workmid-en\\\/networking-conferences-a-fresh-boost-for-it\\\/#breadcrumb\",\"itemListElement\":[{\"@type\":\"ListItem\",\"position\":1,\"name\":\"Startseite\",\"item\":\"https:\\\/\\\/mid.de\\\/en\\\/\"},{\"@type\":\"ListItem\",\"position\":2,\"name\":\"Networking &#038; Conferences \u2013 A Fresh Boost for IT\"}]},{\"@type\":\"WebSite\",\"@id\":\"https:\\\/\\\/mid.de\\\/en\\\/#website\",\"url\":\"https:\\\/\\\/mid.de\\\/en\\\/\",\"name\":\"MID GmbH\",\"description\":\"Ihr Partner in allen Themen der Enterprise IT\",\"publisher\":{\"@id\":\"https:\\\/\\\/mid.de\\\/en\\\/#organization\"},\"potentialAction\":[{\"@type\":\"SearchAction\",\"target\":{\"@type\":\"EntryPoint\",\"urlTemplate\":\"https:\\\/\\\/mid.de\\\/en\\\/?s={search_term_string}\"},\"query-input\":{\"@type\":\"PropertyValueSpecification\",\"valueRequired\":true,\"valueName\":\"search_term_string\"}}],\"inLanguage\":\"en-US\"},{\"@type\":\"Organization\",\"@id\":\"https:\\\/\\\/mid.de\\\/en\\\/#organization\",\"name\":\"MID GmbH\",\"url\":\"https:\\\/\\\/mid.de\\\/en\\\/\",\"logo\":{\"@type\":\"ImageObject\",\"inLanguage\":\"en-US\",\"@id\":\"https:\\\/\\\/mid.de\\\/en\\\/#\\\/schema\\\/logo\\\/image\\\/\",\"url\":\"https:\\\/\\\/mid.de\\\/wp-content\\\/uploads\\\/2022\\\/05\\\/mid-logo-h100.png\",\"contentUrl\":\"https:\\\/\\\/mid.de\\\/wp-content\\\/uploads\\\/2022\\\/05\\\/mid-logo-h100.png\",\"width\":298,\"height\":100,\"caption\":\"MID GmbH\"},\"image\":{\"@id\":\"https:\\\/\\\/mid.de\\\/en\\\/#\\\/schema\\\/logo\\\/image\\\/\"}},{\"@type\":\"Person\",\"@id\":\"https:\\\/\\\/mid.de\\\/en\\\/#\\\/schema\\\/person\\\/6be9033f2b43948728e989efdc221c24\",\"name\":\"Klaus B\u00f6nisch\",\"description\":\"Klaus B\u00f6nisch ist Senior Consultant bei der MID und bringt viel Erfahrung als IT-Consultant und Business Analyst mit. Mit Schwerpunkt auf Anforderungsmanagement und -analyse unterst\u00fctzt er insbesondere Projekte im \u00f6ffentlichen Sektor. Er gestaltet aktiv die agile Umstrukturierung im Bereich Agile Consulting mit und verbindet fundiertes Methodenwissen mit praxisnaher Beratung, um nachhaltige L\u00f6sungen f\u00fcr komplexe Herausforderungen zu schaffen. Inspiration sammelt Klaus auf Events wie der REConf und dem N\u00fcrnberg Digital Festival.\",\"sameAs\":[\"https:\\\/\\\/www.linkedin.com\\\/in\\\/klaus-bnisch-045579212\\\/\"]}]}<\/script>\n<!-- \/ Yoast SEO plugin. -->","yoast_head_json":{"title":"MID GmbH | Networking & Conferences: A Fresh Boost for IT","description":"Want inspiration, contacts and current IT know-how? Conferences are the place. At MID, we're all about supporting networking and innovation. Find out more \u25ba","robots":{"index":"index","follow":"follow","max-snippet":"max-snippet:-1","max-image-preview":"max-image-preview:large","max-video-preview":"max-video-preview:-1"},"canonical":"https:\/\/mid.de\/en\/blog\/workmid-en\/networking-conferences-a-fresh-boost-for-it\/","og_locale":"en_US","og_type":"article","og_title":"MID GmbH | Networking & Conferences: A Fresh Boost for IT","og_description":"Want inspiration, contacts and current IT know-how? Conferences are the place. At MID, we're all about supporting networking and innovation. Find out more \u25ba","og_url":"https:\/\/mid.de\/en\/blog\/workmid-en\/networking-conferences-a-fresh-boost-for-it\/","og_site_name":"MID GmbH","article_published_time":"2024-07-23T04:33:04+00:00","article_modified_time":"2026-01-28T12:40:00+00:00","og_image":[{"width":1920,"height":1200,"url":"https:\/\/mid.de\/wp-content\/uploads\/2024\/07\/networking-konferenzen-bieten-neue-impulse-in-der-it-blog-mid-gmbh-2.webp","type":"image\/webp"}],"author":"Klaus B\u00f6nisch","twitter_card":"summary_large_image","twitter_misc":{"Written by":"Klaus B\u00f6nisch","Est. reading time":"6 minutes"},"schema":{"@context":"https:\/\/schema.org","@graph":[{"@type":"Article","@id":"https:\/\/mid.de\/en\/blog\/workmid-en\/networking-conferences-a-fresh-boost-for-it\/#article","isPartOf":{"@id":"https:\/\/mid.de\/en\/blog\/workmid-en\/networking-conferences-a-fresh-boost-for-it\/"},"author":{"name":"Klaus B\u00f6nisch","@id":"https:\/\/mid.de\/en\/#\/schema\/person\/6be9033f2b43948728e989efdc221c24"},"headline":"Networking &#038; Conferences \u2013 A Fresh Boost for IT","datePublished":"2024-07-23T04:33:04+00:00","dateModified":"2026-01-28T12:40:00+00:00","mainEntityOfPage":{"@id":"https:\/\/mid.de\/en\/blog\/workmid-en\/networking-conferences-a-fresh-boost-for-it\/"},"wordCount":905,"publisher":{"@id":"https:\/\/mid.de\/en\/#organization"},"image":{"@id":"https:\/\/mid.de\/en\/blog\/workmid-en\/networking-conferences-a-fresh-boost-for-it\/#primaryimage"},"thumbnailUrl":"https:\/\/mid.de\/wp-content\/uploads\/2024\/07\/networking-konferenzen-bieten-neue-impulse-in-der-it-blog-mid-gmbh-2.webp","articleSection":["Work@MID"],"inLanguage":"en-US"},{"@type":"WebPage","@id":"https:\/\/mid.de\/en\/blog\/workmid-en\/networking-conferences-a-fresh-boost-for-it\/","url":"https:\/\/mid.de\/en\/blog\/workmid-en\/networking-conferences-a-fresh-boost-for-it\/","name":"MID GmbH | Networking & Conferences: A Fresh Boost for IT","isPartOf":{"@id":"https:\/\/mid.de\/en\/#website"},"primaryImageOfPage":{"@id":"https:\/\/mid.de\/en\/blog\/workmid-en\/networking-conferences-a-fresh-boost-for-it\/#primaryimage"},"image":{"@id":"https:\/\/mid.de\/en\/blog\/workmid-en\/networking-conferences-a-fresh-boost-for-it\/#primaryimage"},"thumbnailUrl":"https:\/\/mid.de\/wp-content\/uploads\/2024\/07\/networking-konferenzen-bieten-neue-impulse-in-der-it-blog-mid-gmbh-2.webp","datePublished":"2024-07-23T04:33:04+00:00","dateModified":"2026-01-28T12:40:00+00:00","description":"Want inspiration, contacts and current IT know-how? Conferences are the place. At MID, we're all about supporting networking and innovation. Find out more \u25ba","breadcrumb":{"@id":"https:\/\/mid.de\/en\/blog\/workmid-en\/networking-conferences-a-fresh-boost-for-it\/#breadcrumb"},"inLanguage":"en-US","potentialAction":[{"@type":"ReadAction","target":["https:\/\/mid.de\/en\/blog\/workmid-en\/networking-conferences-a-fresh-boost-for-it\/"]}]},{"@type":"ImageObject","inLanguage":"en-US","@id":"https:\/\/mid.de\/en\/blog\/workmid-en\/networking-conferences-a-fresh-boost-for-it\/#primaryimage","url":"https:\/\/mid.de\/wp-content\/uploads\/2024\/07\/networking-konferenzen-bieten-neue-impulse-in-der-it-blog-mid-gmbh-2.webp","contentUrl":"https:\/\/mid.de\/wp-content\/uploads\/2024\/07\/networking-konferenzen-bieten-neue-impulse-in-der-it-blog-mid-gmbh-2.webp","width":1920,"height":1200,"caption":"MID Blog | Work@MID: Networking & Konferenzen bieten neue Impulse in der IT"},{"@type":"BreadcrumbList","@id":"https:\/\/mid.de\/en\/blog\/workmid-en\/networking-conferences-a-fresh-boost-for-it\/#breadcrumb","itemListElement":[{"@type":"ListItem","position":1,"name":"Startseite","item":"https:\/\/mid.de\/en\/"},{"@type":"ListItem","position":2,"name":"Networking &#038; Conferences \u2013 A Fresh Boost for IT"}]},{"@type":"WebSite","@id":"https:\/\/mid.de\/en\/#website","url":"https:\/\/mid.de\/en\/","name":"MID GmbH","description":"Ihr Partner in allen Themen der Enterprise IT","publisher":{"@id":"https:\/\/mid.de\/en\/#organization"},"potentialAction":[{"@type":"SearchAction","target":{"@type":"EntryPoint","urlTemplate":"https:\/\/mid.de\/en\/?s={search_term_string}"},"query-input":{"@type":"PropertyValueSpecification","valueRequired":true,"valueName":"search_term_string"}}],"inLanguage":"en-US"},{"@type":"Organization","@id":"https:\/\/mid.de\/en\/#organization","name":"MID GmbH","url":"https:\/\/mid.de\/en\/","logo":{"@type":"ImageObject","inLanguage":"en-US","@id":"https:\/\/mid.de\/en\/#\/schema\/logo\/image\/","url":"https:\/\/mid.de\/wp-content\/uploads\/2022\/05\/mid-logo-h100.png","contentUrl":"https:\/\/mid.de\/wp-content\/uploads\/2022\/05\/mid-logo-h100.png","width":298,"height":100,"caption":"MID GmbH"},"image":{"@id":"https:\/\/mid.de\/en\/#\/schema\/logo\/image\/"}},{"@type":"Person","@id":"https:\/\/mid.de\/en\/#\/schema\/person\/6be9033f2b43948728e989efdc221c24","name":"Klaus B\u00f6nisch","description":"Klaus B\u00f6nisch ist Senior Consultant bei der MID und bringt viel Erfahrung als IT-Consultant und Business Analyst mit. Mit Schwerpunkt auf Anforderungsmanagement und -analyse unterst\u00fctzt er insbesondere Projekte im \u00f6ffentlichen Sektor. Er gestaltet aktiv die agile Umstrukturierung im Bereich Agile Consulting mit und verbindet fundiertes Methodenwissen mit praxisnaher Beratung, um nachhaltige L\u00f6sungen f\u00fcr komplexe Herausforderungen zu schaffen. Inspiration sammelt Klaus auf Events wie der REConf und dem N\u00fcrnberg Digital Festival.","sameAs":["https:\/\/www.linkedin.com\/in\/klaus-bnisch-045579212\/"]}]}},"_links":{"self":[{"href":"https:\/\/mid.de\/en\/wp-json\/wp\/v2\/posts\/13675","targetHints":{"allow":["GET"]}}],"collection":[{"href":"https:\/\/mid.de\/en\/wp-json\/wp\/v2\/posts"}],"about":[{"href":"https:\/\/mid.de\/en\/wp-json\/wp\/v2\/types\/post"}],"author":[{"embeddable":true,"href":"https:\/\/mid.de\/en\/wp-json\/wp\/v2\/users\/19"}],"replies":[{"embeddable":true,"href":"https:\/\/mid.de\/en\/wp-json\/wp\/v2\/comments?post=13675"}],"version-history":[{"count":12,"href":"https:\/\/mid.de\/en\/wp-json\/wp\/v2\/posts\/13675\/revisions"}],"predecessor-version":[{"id":14522,"href":"https:\/\/mid.de\/en\/wp-json\/wp\/v2\/posts\/13675\/revisions\/14522"}],"wp:featuredmedia":[{"embeddable":true,"href":"https:\/\/mid.de\/en\/wp-json\/wp\/v2\/media\/12805"}],"wp:attachment":[{"href":"https:\/\/mid.de\/en\/wp-json\/wp\/v2\/media?parent=13675"}],"wp:term":[{"taxonomy":"category","embeddable":true,"href":"https:\/\/mid.de\/en\/wp-json\/wp\/v2\/categories?post=13675"},{"taxonomy":"post_tag","embeddable":true,"href":"https:\/\/mid.de\/en\/wp-json\/wp\/v2\/tags?post=13675"}],"curies":[{"name":"wp","href":"https:\/\/api.w.org\/{rel}","templated":true}]}}